{"id":110,"date":"2016-05-11T19:10:06","date_gmt":"2016-05-11T18:10:06","guid":{"rendered":"http:\/\/pesmobil.si\/blog\/?p=110"},"modified":"2016-05-11T19:20:51","modified_gmt":"2016-05-11T18:20:51","slug":"spomladansko-ciscenje-kozuha","status":"publish","type":"post","link":"http:\/\/pesmobil.si\/blog\/spomladansko-ciscenje-kozuha\/","title":{"rendered":"Spomladansko \u010di\u0161\u010denje ko\u017euha"},"content":{"rendered":"<h2>Sezona menjave dlake<\/h2>\n<p><a href=\"http:\/\/pesmobil.si\/blog\/wp-content\/uploads\/2016\/05\/2016-05-11-14.57.20.jpg.jpeg\"><img decoding=\"async\" title=\"2016-05-11 14.57.20.jpg\" class=\"alignnone size-full\"  alt=\"image\" src=\"http:\/\/pesmobil.si\/blog\/wp-content\/uploads\/2016\/05\/2016-05-11-14.57.20.jpg.jpeg\" \/><\/a><\/p>\n<p>Lastniki psov z manj zahtevno dlako se med letom niti ne zavedamo, koliko dlake ima na\u0161 pes. Z nego kosmatinca, razen ob\u010dasnega krta\u010denja, sploh nimamo dela.<br \/>\nKo se temperature dvignejo in zadi\u0161i po pomladi, pa za\u010dnemo po stanovanju opa\u017eati kosme dlak. Psa temeljiteje in ve\u010dkrat pre\u010de\u0161emo, ko\u017euh pa ostaja gost in pod njim ko\u017ee sploh ni videti. Zdi se, da se izpadanje dlake ne bo nikoli prenehalo.<\/p>\n<p><!--more--><\/p>\n<p><a href=\"http:\/\/pesmobil.si\/blog\/wp-content\/uploads\/2016\/05\/20160302_121532.jpg\"><img decoding=\"async\" title=\"20160302_121532.jpg\" class=\"alignnone size-full\"  alt=\"image\" src=\"http:\/\/pesmobil.si\/blog\/wp-content\/uploads\/2016\/05\/20160302_121532.jpg\" \/><\/a><\/p>\n<p>\u010ce \u017eelimo pasji ko\u017euh temeljito prevetriti, moramo najprej s primernim glavnikom odstraniti odmrlo podlanko, nato pa psa okopati in posu\u0161iti ter \u0161e enkrat pre\u010desati. Najbolj\u0161i u\u010dinek dobimo, \u010de dlako posu\u0161imo s profesionalnim su\u0161ilcem za dlako, ki piha hladen zrak v izredno mo\u010dnem sunku. Ta dlako razmakne do ko\u017ee. Med su\u0161enjem s krta\u010do razmaknjeni ko\u017euh \u0161e enkrat pre\u010de\u0161emo in tako zagotovimo, da smo odstranili vso odmrlo dlako.<\/p>\n<p>Po tako temeljiti obdelavi, bo dlake po stanovanju ob\u010dutno manj, ku\u017ea pa bo la\u017eje zadihal.<\/p>\n","protected":false},"excerpt":{"rendered":"<p>Sezona menjave dlake Lastniki psov z manj zahtevno dlako se med letom niti ne zavedamo, koliko dlake ima na\u0161 pes. Z nego kosmatinca, razen ob\u010dasnega krta\u010denja, sploh nimamo dela. Ko se temperature dvignejo in zadi\u0161i po pomladi, pa za\u010dnemo po stanovanju opa\u017eati kosme dlak. Psa temeljiteje in ve\u010dkrat pre\u010de\u0161emo, ko\u017euh pa ostaja gost in pod [&hellip;]<\/p>\n","protected":false},"author":1,"featured_media":0,"comment_status":"open","ping_status":"open","sticky":false,"template":"","format":"standard","meta":{"footnotes":""},"categories":[4],"tags":[49,32,28,48,35,47],"class_list":["post-110","post","type-post","status-publish","format-standard","hentry","category-nega","tag-cesanje","tag-dlaka","tag-kopanje","tag-kozuh","tag-podlanka","tag-pomlad"],"jetpack_featured_media_url":"","_links":{"self":[{"href":"http:\/\/pesmobil.si\/blog\/wp-json\/wp\/v2\/posts\/110","targetHints":{"allow":["GET"]}}],"collection":[{"href":"http:\/\/pesmobil.si\/blog\/wp-json\/wp\/v2\/posts"}],"about":[{"href":"http:\/\/pesmobil.si\/blog\/wp-json\/wp\/v2\/types\/post"}],"author":[{"embeddable":true,"href":"http:\/\/pesmobil.si\/blog\/wp-json\/wp\/v2\/users\/1"}],"replies":[{"embeddable":true,"href":"http:\/\/pesmobil.si\/blog\/wp-json\/wp\/v2\/comments?post=110"}],"version-history":[{"count":3,"href":"http:\/\/pesmobil.si\/blog\/wp-json\/wp\/v2\/posts\/110\/revisions"}],"predecessor-version":[{"id":113,"href":"http:\/\/pesmobil.si\/blog\/wp-json\/wp\/v2\/posts\/110\/revisions\/113"}],"wp:attachment":[{"href":"http:\/\/pesmobil.si\/blog\/wp-json\/wp\/v2\/media?parent=110"}],"wp:term":[{"taxonomy":"category","embeddable":true,"href":"http:\/\/pesmobil.si\/blog\/wp-json\/wp\/v2\/categories?post=110"},{"taxonomy":"post_tag","embeddable":true,"href":"http:\/\/pesmobil.si\/blog\/wp-json\/wp\/v2\/tags?post=110"}],"curies":[{"name":"wp","href":"https:\/\/api.w.org\/{rel}","templated":true}]}}